{"id":219,"date":"2017-09-05T21:53:19","date_gmt":"2017-09-05T19:53:19","guid":{"rendered":"http:\/\/posktxi.cluster030.hosting.ovh.net\/?p=219"},"modified":"2020-12-10T18:50:23","modified_gmt":"2020-12-10T17:50:23","slug":"a-vos-marques-prets-chantez-carmen-de-bizet","status":"publish","type":"post","link":"https:\/\/orchestredurhin.com\/index.php\/2017\/09\/05\/a-vos-marques-prets-chantez-carmen-de-bizet\/","title":{"rendered":"A vos marques, pr\u00eats&#8230; chantez ! Carmen de Bizet"},"content":{"rendered":"\n<h3 class=\"wp-block-heading\"><strong>Op\u00e9ra participatif <\/strong><\/h3>\n\n\n\n<p><strong>Le 9 juin 2018 \u00e0 19h au Z\u00e9nith Europe de Strasbourg<\/strong><\/p>\n\n\n\n<p>Cet op\u00e9ra participatif r\u00e9unira 1 200 interpr\u00e8tes et effacera la fronti\u00e8re entre sc\u00e8ne et public pour vivre une exp\u00e9rience musicale hors du commun.&nbsp;<\/p>\n\n\n\n<p>Ils seront guid\u00e9s par les Petits Chanteurs de Strasbourg \u2013 Ma\u00eetrise de l\u2019Op\u00e9ra national du Rhin et par l\u2019Orchestre du Rhin, dirig\u00e9s par Luciano Bibiloni&nbsp;; un casting des meilleures voix solistes donnera vie \u00e0 l\u2019un des op\u00e9ras le plus c\u00e9l\u00e8bre, mis en espace par Emmanuel Gardeil de la Compagnie Chants de Garonne.<\/p>\n\n\n\n<p>Le ch\u0153ur participatif est form\u00e9 par des amateurs de tous \u00e2ges, accomplis, d\u00e9butants, \u00e9coliers, professionnels et des ch\u0153urs du Grand Est, Kehl et Majorque pour&nbsp;&nbsp;l\u2019aboutissement d\u2019une aventure humaine et artistique qui a dur\u00e9 toute une saison.<\/p>\n\n\n\n<p>Plus d&rsquo;informations sur : <a href=\"http:\/\/www.chantez.eu\/\">http:\/\/www.chantez.eu\/<\/a><\/p>\n","protected":false},"excerpt":{"rendered":"<p>Op\u00e9ra participatif le 9 juin 2018 \u00e0 19h au Z\u00e9nith Europe de Strasbourg<\/p>\n","protected":false},"author":2,"featured_media":145,"comment_status":"closed","ping_status":"closed","sticky":false,"template":"","format":"standard","meta":{"footnotes":""},"categories":[3],"tags":[],"class_list":["post-219","post","type-post","status-publish","format-standard","has-post-thumbnail","hentry","category-projets","clearfix"],"yoast_head":"<!-- This site is optimized with the Yoast SEO plugin v15.4 - https:\/\/yoast.com\/wordpress\/plugins\/seo\/ -->\n<title>A vos marques, pr\u00eats... chantez ! Carmen de Bizet - Orchestre du Rhin<\/title>\n<meta name=\"description\" content=\"Op\u00e9ra participatif le 9 juin 2018 \u00e0 19h au Z\u00e9nith Europe de Strasbourg\" \/>\n<meta name=\"robots\" content=\"index, follow, max-snippet:-1, max-image-preview:large, max-video-preview:-1\" \/>\n<link rel=\"canonical\" href=\"https:\/\/orchestredurhin.com\/index.php\/2017\/09\/05\/a-vos-marques-prets-chantez-carmen-de-bizet\/\" \/>\n<meta property=\"og:locale\" content=\"fr_FR\" \/>\n<meta property=\"og:type\" content=\"article\" \/>\n<meta property=\"og:title\" content=\"A vos marques, pr\u00eats... chantez ! Carmen de Bizet - Orchestre du Rhin\" \/>\n<meta property=\"og:description\" content=\"Op\u00e9ra participatif le 9 juin 2018 \u00e0 19h au Z\u00e9nith Europe de Strasbourg\" \/>\n<meta property=\"og:url\" content=\"https:\/\/orchestredurhin.com\/index.php\/2017\/09\/05\/a-vos-marques-prets-chantez-carmen-de-bizet\/\" \/>\n<meta property=\"og:site_name\" content=\"Orchestre du Rhin\" \/>\n<meta property=\"article:publisher\" content=\"https:\/\/www.facebook.com\/orchestredurhin\" \/>\n<meta property=\"article:published_time\" content=\"2017-09-05T19:53:19+00:00\" \/>\n<meta property=\"article:modified_time\" content=\"2020-12-10T17:50:23+00:00\" \/>\n<meta property=\"og:image\" content=\"https:\/\/orchestredurhin.com\/wp-content\/uploads\/2020\/11\/24b70f_b7c78f5dd5544d6ea87985e30afad911mv2-e1606078032949.png\" \/>\n\t<meta property=\"og:image:width\" content=\"229\" \/>\n\t<meta property=\"og:image:height\" content=\"320\" \/>\n<meta name=\"twitter:card\" content=\"summary_large_image\" \/>\n<meta name=\"twitter:label1\" content=\"\u00c9crit par\">\n\t<meta name=\"twitter:data1\" content=\"Mireille Cassone\">\n\t<meta name=\"twitter:label2\" content=\"Dur\u00e9e de lecture est.\">\n\t<meta name=\"twitter:data2\" content=\"1 minute\">\n<script type=\"application\/ld+json\" class=\"yoast-schema-graph\">{\"@context\":\"https:\/\/schema.org\",\"@graph\":[{\"@type\":\"Organization\",\"@id\":\"https:\/\/orchestredurhin.com\/#organization\",\"name\":\"Orchestre du Rhin\",\"url\":\"https:\/\/orchestredurhin.com\/\",\"sameAs\":[\"https:\/\/www.facebook.com\/orchestredurhin\",\"https:\/\/www.instagram.com\/orchestredurhin\/\",\"https:\/\/www.youtube.com\/channel\/UCC__T-GDcLKvyaLm1QprZKQ\"],\"logo\":{\"@type\":\"ImageObject\",\"@id\":\"https:\/\/orchestredurhin.com\/#logo\",\"inLanguage\":\"fr-FR\",\"url\":\"https:\/\/orchestredurhin.com\/wp-content\/uploads\/2020\/11\/Logo-OR-bleu-sans-fond-carre-e1606343385974.png\",\"width\":249,\"height\":320,\"caption\":\"Orchestre du Rhin\"},\"image\":{\"@id\":\"https:\/\/orchestredurhin.com\/#logo\"}},{\"@type\":\"WebSite\",\"@id\":\"https:\/\/orchestredurhin.com\/#website\",\"url\":\"https:\/\/orchestredurhin.com\/\",\"name\":\"Orchestre du Rhin\",\"description\":\"\",\"publisher\":{\"@id\":\"https:\/\/orchestredurhin.com\/#organization\"},\"potentialAction\":[{\"@type\":\"SearchAction\",\"target\":\"https:\/\/orchestredurhin.com\/?s={search_term_string}\",\"query-input\":\"required name=search_term_string\"}],\"inLanguage\":\"fr-FR\"},{\"@type\":\"ImageObject\",\"@id\":\"https:\/\/orchestredurhin.com\/index.php\/2017\/09\/05\/a-vos-marques-prets-chantez-carmen-de-bizet\/#primaryimage\",\"inLanguage\":\"fr-FR\",\"url\":\"https:\/\/orchestredurhin.com\/wp-content\/uploads\/2020\/11\/24b70f_b7c78f5dd5544d6ea87985e30afad911mv2-e1606078032949.png\",\"width\":229,\"height\":320},{\"@type\":\"WebPage\",\"@id\":\"https:\/\/orchestredurhin.com\/index.php\/2017\/09\/05\/a-vos-marques-prets-chantez-carmen-de-bizet\/#webpage\",\"url\":\"https:\/\/orchestredurhin.com\/index.php\/2017\/09\/05\/a-vos-marques-prets-chantez-carmen-de-bizet\/\",\"name\":\"A vos marques, pr\\u00eats... chantez ! Carmen de Bizet - Orchestre du Rhin\",\"isPartOf\":{\"@id\":\"https:\/\/orchestredurhin.com\/#website\"},\"primaryImageOfPage\":{\"@id\":\"https:\/\/orchestredurhin.com\/index.php\/2017\/09\/05\/a-vos-marques-prets-chantez-carmen-de-bizet\/#primaryimage\"},\"datePublished\":\"2017-09-05T19:53:19+00:00\",\"dateModified\":\"2020-12-10T17:50:23+00:00\",\"description\":\"Op\\u00e9ra participatif le 9 juin 2018 \\u00e0 19h au Z\\u00e9nith Europe de Strasbourg\",\"inLanguage\":\"fr-FR\",\"potentialAction\":[{\"@type\":\"ReadAction\",\"target\":[\"https:\/\/orchestredurhin.com\/index.php\/2017\/09\/05\/a-vos-marques-prets-chantez-carmen-de-bizet\/\"]}]},{\"@type\":\"Article\",\"@id\":\"https:\/\/orchestredurhin.com\/index.php\/2017\/09\/05\/a-vos-marques-prets-chantez-carmen-de-bizet\/#article\",\"isPartOf\":{\"@id\":\"https:\/\/orchestredurhin.com\/index.php\/2017\/09\/05\/a-vos-marques-prets-chantez-carmen-de-bizet\/#webpage\"},\"author\":{\"@id\":\"https:\/\/orchestredurhin.com\/#\/schema\/person\/65b2e533fa91c168ac336636af18955c\"},\"headline\":\"A vos marques, pr\\u00eats&#8230; chantez ! Carmen de Bizet\",\"datePublished\":\"2017-09-05T19:53:19+00:00\",\"dateModified\":\"2020-12-10T17:50:23+00:00\",\"mainEntityOfPage\":{\"@id\":\"https:\/\/orchestredurhin.com\/index.php\/2017\/09\/05\/a-vos-marques-prets-chantez-carmen-de-bizet\/#webpage\"},\"publisher\":{\"@id\":\"https:\/\/orchestredurhin.com\/#organization\"},\"image\":{\"@id\":\"https:\/\/orchestredurhin.com\/index.php\/2017\/09\/05\/a-vos-marques-prets-chantez-carmen-de-bizet\/#primaryimage\"},\"articleSection\":\"Projets\",\"inLanguage\":\"fr-FR\"},{\"@type\":\"Person\",\"@id\":\"https:\/\/orchestredurhin.com\/#\/schema\/person\/65b2e533fa91c168ac336636af18955c\",\"name\":\"Mireille Cassone\",\"image\":{\"@type\":\"ImageObject\",\"@id\":\"https:\/\/orchestredurhin.com\/#personlogo\",\"inLanguage\":\"fr-FR\",\"url\":\"https:\/\/secure.gravatar.com\/avatar\/b9634f9544aedf4c19ca1e33629a287b?s=96&d=mm&r=g\",\"caption\":\"Mireille Cassone\"}}]}<\/script>\n<!-- \/ Yoast SEO plugin. -->","_links":{"self":[{"href":"https:\/\/orchestredurhin.com\/index.php\/wp-json\/wp\/v2\/posts\/219"}],"collection":[{"href":"https:\/\/orchestredurhin.com\/index.php\/wp-json\/wp\/v2\/posts"}],"about":[{"href":"https:\/\/orchestredurhin.com\/index.php\/wp-json\/wp\/v2\/types\/post"}],"author":[{"embeddable":true,"href":"https:\/\/orchestredurhin.com\/index.php\/wp-json\/wp\/v2\/users\/2"}],"replies":[{"embeddable":true,"href":"https:\/\/orchestredurhin.com\/index.php\/wp-json\/wp\/v2\/comments?post=219"}],"version-history":[{"count":2,"href":"https:\/\/orchestredurhin.com\/index.php\/wp-json\/wp\/v2\/posts\/219\/revisions"}],"predecessor-version":[{"id":257,"href":"https:\/\/orchestredurhin.com\/index.php\/wp-json\/wp\/v2\/posts\/219\/revisions\/257"}],"wp:featuredmedia":[{"embeddable":true,"href":"https:\/\/orchestredurhin.com\/index.php\/wp-json\/wp\/v2\/media\/145"}],"wp:attachment":[{"href":"https:\/\/orchestredurhin.com\/index.php\/wp-json\/wp\/v2\/media?parent=219"}],"wp:term":[{"taxonomy":"category","embeddable":true,"href":"https:\/\/orchestredurhin.com\/index.php\/wp-json\/wp\/v2\/categories?post=219"},{"taxonomy":"post_tag","embeddable":true,"href":"https:\/\/orchestredurhin.com\/index.php\/wp-json\/wp\/v2\/tags?post=219"}],"curies":[{"name":"wp","href":"https:\/\/api.w.org\/{rel}","templated":true}]}}