{"id":215,"date":"2017-09-03T20:30:27","date_gmt":"2017-09-03T18:30:27","guid":{"rendered":"http:\/\/posktxi.cluster030.hosting.ovh.net\/?p=215"},"modified":"2020-12-10T18:50:02","modified_gmt":"2020-12-10T17:50:02","slug":"le-messie-de-haendel","status":"publish","type":"post","link":"https:\/\/orchestredurhin.com\/index.php\/2017\/09\/03\/le-messie-de-haendel\/","title":{"rendered":"Le Messie de Haendel"},"content":{"rendered":"\n<h3 class=\"wp-block-heading\">Concert participatif<\/h3>\n\n\n\n<p><strong>Le 19 janvier \u00e0 20h30 \u00e0 la MAC relais culturel de Bischwiller<br>Le 21 janvier 2018 \u00e0 20h30 \u00e0 la\u00a0Cath\u00e9drale de Strasbourg<\/strong><\/p>\n\n\n\n<p><em>Entr\u00e9e libre dans la limite des places disponibles<\/em><\/p>\n\n\n\n<p>Entr\u00e9e des spectateurs \u00e0 partir de 20h par la grille Saint-Michel (place du Ch\u00e2teau)<\/p>\n\n\n\n<p>Venez chanter le Messie de Haendel avec les&nbsp;Petits Chanteurs de Strasbourg &#8211; Ma\u00eetrise de l&rsquo;Op\u00e9ra national du Rhin&nbsp;et l&rsquo;Orchestre du Rhin (sur instruments anciens) sous la direction de&nbsp;Luciano Bibiloni.<br><br>Amenez votre partition ou t\u00e9l\u00e9chargez-la sur le site&nbsp;&nbsp;www.chantez.eu<\/p>\n\n\n\n<p>La liste des mouvements participatifs et les enregistrements de travail sont \u00e9galement disponibles sur ce site.<\/p>\n","protected":false},"excerpt":{"rendered":"<p>Concert participatif les 19 janvier \u00e0 20h30 \u00e0 la MAC relais culturel de Bischwiller<br \/>\net 21 janvier 2018 \u00e0 20h30 \u00e0 la Cath\u00e9drale de Strasbourg.<\/p>\n","protected":false},"author":2,"featured_media":134,"comment_status":"closed","ping_status":"closed","sticky":false,"template":"","format":"standard","meta":{"footnotes":""},"categories":[3],"tags":[],"class_list":["post-215","post","type-post","status-publish","format-standard","has-post-thumbnail","hentry","category-projets","clearfix"],"yoast_head":"<!-- This site is optimized with the Yoast SEO plugin v15.4 - https:\/\/yoast.com\/wordpress\/plugins\/seo\/ -->\n<title>Le Messie de Haendel - Orchestre du Rhin<\/title>\n<meta name=\"description\" content=\"Concert participatif les 19 janvier \u00e0 20h30 \u00e0 la MAC relais culturel de Bischwilleret 21 janvier 2018 \u00e0 20h30 \u00e0 la Cath\u00e9drale de Strasbourg.\" \/>\n<meta name=\"robots\" content=\"index, follow, max-snippet:-1, max-image-preview:large, max-video-preview:-1\" \/>\n<link rel=\"canonical\" href=\"https:\/\/orchestredurhin.com\/index.php\/2017\/09\/03\/le-messie-de-haendel\/\" \/>\n<meta property=\"og:locale\" content=\"fr_FR\" \/>\n<meta property=\"og:type\" content=\"article\" \/>\n<meta property=\"og:title\" content=\"Le Messie de Haendel - Orchestre du Rhin\" \/>\n<meta property=\"og:description\" content=\"Concert participatif les 19 janvier \u00e0 20h30 \u00e0 la MAC relais culturel de Bischwilleret 21 janvier 2018 \u00e0 20h30 \u00e0 la Cath\u00e9drale de Strasbourg.\" \/>\n<meta property=\"og:url\" content=\"https:\/\/orchestredurhin.com\/index.php\/2017\/09\/03\/le-messie-de-haendel\/\" \/>\n<meta property=\"og:site_name\" content=\"Orchestre du Rhin\" \/>\n<meta property=\"article:publisher\" content=\"https:\/\/www.facebook.com\/orchestredurhin\" \/>\n<meta property=\"article:published_time\" content=\"2017-09-03T18:30:27+00:00\" \/>\n<meta property=\"article:modified_time\" content=\"2020-12-10T17:50:02+00:00\" \/>\n<meta property=\"og:image\" content=\"https:\/\/orchestredurhin.com\/wp-content\/uploads\/2020\/11\/24b70f_7a8cb5fe323844f59abbfba2121e937emv2_d_1365_2048_s_2.jpg\" \/>\n\t<meta property=\"og:image:width\" content=\"215\" \/>\n\t<meta property=\"og:image:height\" content=\"322\" \/>\n<meta name=\"twitter:card\" content=\"summary_large_image\" \/>\n<meta name=\"twitter:label1\" content=\"\u00c9crit par\">\n\t<meta name=\"twitter:data1\" content=\"Mireille Cassone\">\n\t<meta name=\"twitter:label2\" content=\"Dur\u00e9e de lecture est.\">\n\t<meta name=\"twitter:data2\" content=\"0 minute\">\n<script type=\"application\/ld+json\" class=\"yoast-schema-graph\">{\"@context\":\"https:\/\/schema.org\",\"@graph\":[{\"@type\":\"Organization\",\"@id\":\"https:\/\/orchestredurhin.com\/#organization\",\"name\":\"Orchestre du Rhin\",\"url\":\"https:\/\/orchestredurhin.com\/\",\"sameAs\":[\"https:\/\/www.facebook.com\/orchestredurhin\",\"https:\/\/www.instagram.com\/orchestredurhin\/\",\"https:\/\/www.youtube.com\/channel\/UCC__T-GDcLKvyaLm1QprZKQ\"],\"logo\":{\"@type\":\"ImageObject\",\"@id\":\"https:\/\/orchestredurhin.com\/#logo\",\"inLanguage\":\"fr-FR\",\"url\":\"https:\/\/orchestredurhin.com\/wp-content\/uploads\/2020\/11\/Logo-OR-bleu-sans-fond-carre-e1606343385974.png\",\"width\":249,\"height\":320,\"caption\":\"Orchestre du Rhin\"},\"image\":{\"@id\":\"https:\/\/orchestredurhin.com\/#logo\"}},{\"@type\":\"WebSite\",\"@id\":\"https:\/\/orchestredurhin.com\/#website\",\"url\":\"https:\/\/orchestredurhin.com\/\",\"name\":\"Orchestre du Rhin\",\"description\":\"\",\"publisher\":{\"@id\":\"https:\/\/orchestredurhin.com\/#organization\"},\"potentialAction\":[{\"@type\":\"SearchAction\",\"target\":\"https:\/\/orchestredurhin.com\/?s={search_term_string}\",\"query-input\":\"required name=search_term_string\"}],\"inLanguage\":\"fr-FR\"},{\"@type\":\"ImageObject\",\"@id\":\"https:\/\/orchestredurhin.com\/index.php\/2017\/09\/03\/le-messie-de-haendel\/#primaryimage\",\"inLanguage\":\"fr-FR\",\"url\":\"https:\/\/orchestredurhin.com\/wp-content\/uploads\/2020\/11\/24b70f_7a8cb5fe323844f59abbfba2121e937emv2_d_1365_2048_s_2.jpg\",\"width\":215,\"height\":322},{\"@type\":\"WebPage\",\"@id\":\"https:\/\/orchestredurhin.com\/index.php\/2017\/09\/03\/le-messie-de-haendel\/#webpage\",\"url\":\"https:\/\/orchestredurhin.com\/index.php\/2017\/09\/03\/le-messie-de-haendel\/\",\"name\":\"Le Messie de Haendel - Orchestre du Rhin\",\"isPartOf\":{\"@id\":\"https:\/\/orchestredurhin.com\/#website\"},\"primaryImageOfPage\":{\"@id\":\"https:\/\/orchestredurhin.com\/index.php\/2017\/09\/03\/le-messie-de-haendel\/#primaryimage\"},\"datePublished\":\"2017-09-03T18:30:27+00:00\",\"dateModified\":\"2020-12-10T17:50:02+00:00\",\"description\":\"Concert participatif les 19 janvier \\u00e0 20h30 \\u00e0 la MAC relais culturel de Bischwilleret 21 janvier 2018 \\u00e0 20h30 \\u00e0 la Cath\\u00e9drale de Strasbourg.\",\"inLanguage\":\"fr-FR\",\"potentialAction\":[{\"@type\":\"ReadAction\",\"target\":[\"https:\/\/orchestredurhin.com\/index.php\/2017\/09\/03\/le-messie-de-haendel\/\"]}]},{\"@type\":\"Article\",\"@id\":\"https:\/\/orchestredurhin.com\/index.php\/2017\/09\/03\/le-messie-de-haendel\/#article\",\"isPartOf\":{\"@id\":\"https:\/\/orchestredurhin.com\/index.php\/2017\/09\/03\/le-messie-de-haendel\/#webpage\"},\"author\":{\"@id\":\"https:\/\/orchestredurhin.com\/#\/schema\/person\/65b2e533fa91c168ac336636af18955c\"},\"headline\":\"Le Messie de Haendel\",\"datePublished\":\"2017-09-03T18:30:27+00:00\",\"dateModified\":\"2020-12-10T17:50:02+00:00\",\"mainEntityOfPage\":{\"@id\":\"https:\/\/orchestredurhin.com\/index.php\/2017\/09\/03\/le-messie-de-haendel\/#webpage\"},\"publisher\":{\"@id\":\"https:\/\/orchestredurhin.com\/#organization\"},\"image\":{\"@id\":\"https:\/\/orchestredurhin.com\/index.php\/2017\/09\/03\/le-messie-de-haendel\/#primaryimage\"},\"articleSection\":\"Projets\",\"inLanguage\":\"fr-FR\"},{\"@type\":\"Person\",\"@id\":\"https:\/\/orchestredurhin.com\/#\/schema\/person\/65b2e533fa91c168ac336636af18955c\",\"name\":\"Mireille Cassone\",\"image\":{\"@type\":\"ImageObject\",\"@id\":\"https:\/\/orchestredurhin.com\/#personlogo\",\"inLanguage\":\"fr-FR\",\"url\":\"https:\/\/secure.gravatar.com\/avatar\/b9634f9544aedf4c19ca1e33629a287b?s=96&d=mm&r=g\",\"caption\":\"Mireille Cassone\"}}]}<\/script>\n<!-- \/ Yoast SEO plugin. -->","_links":{"self":[{"href":"https:\/\/orchestredurhin.com\/index.php\/wp-json\/wp\/v2\/posts\/215"}],"collection":[{"href":"https:\/\/orchestredurhin.com\/index.php\/wp-json\/wp\/v2\/posts"}],"about":[{"href":"https:\/\/orchestredurhin.com\/index.php\/wp-json\/wp\/v2\/types\/post"}],"author":[{"embeddable":true,"href":"https:\/\/orchestredurhin.com\/index.php\/wp-json\/wp\/v2\/users\/2"}],"replies":[{"embeddable":true,"href":"https:\/\/orchestredurhin.com\/index.php\/wp-json\/wp\/v2\/comments?post=215"}],"version-history":[{"count":1,"href":"https:\/\/orchestredurhin.com\/index.php\/wp-json\/wp\/v2\/posts\/215\/revisions"}],"predecessor-version":[{"id":216,"href":"https:\/\/orchestredurhin.com\/index.php\/wp-json\/wp\/v2\/posts\/215\/revisions\/216"}],"wp:featuredmedia":[{"embeddable":true,"href":"https:\/\/orchestredurhin.com\/index.php\/wp-json\/wp\/v2\/media\/134"}],"wp:attachment":[{"href":"https:\/\/orchestredurhin.com\/index.php\/wp-json\/wp\/v2\/media?parent=215"}],"wp:term":[{"taxonomy":"category","embeddable":true,"href":"https:\/\/orchestredurhin.com\/index.php\/wp-json\/wp\/v2\/categories?post=215"},{"taxonomy":"post_tag","embeddable":true,"href":"https:\/\/orchestredurhin.com\/index.php\/wp-json\/wp\/v2\/tags?post=215"}],"curies":[{"name":"wp","href":"https:\/\/api.w.org\/{rel}","templated":true}]}}